{"id":273,"date":"2010-07-02T06:36:25","date_gmt":"2010-07-02T05:36:25","guid":{"rendered":"http:\/\/www.ra-fuesslein.de\/wordpress\/?p=273"},"modified":"2010-07-09T07:09:30","modified_gmt":"2010-07-09T06:09:30","slug":"juristisches-hitzefrei","status":"publish","type":"post","link":"http:\/\/www.ra-fuesslein.de\/wordpress\/?p=273","title":{"rendered":"Juristisches Hitzefrei"},"content":{"rendered":"<p>Nach der <a href=\"http:\/\/www.gesetze-im-internet.de\/arbst_ttv_2004\/BJNR217910004.html\">Arbeitsst?ttenverordnung<\/a> in Verbindung mit der Arbeitsst?ttenrichtlinie soll die Raumtemperatur an Arbeitspl?tzen 26 Grad Celsius nicht ?berschreiten.<br \/>\nDiese wird wie folgt ermittelt: <\/p>\n<blockquote><p><a href=\"http:\/\/www.gaa.baden-wuerttemberg.de\/servlet\/is\/16486\/5_006.pdf\">Lufttemperatur ist die Temperatur der den Menschen umgebenden Luft ohne Einwirkung von W?rmestrahlung.<br \/>\nSie wird in einer H?he von 0,75 m ?ber dem Fu\u00dfboden an den Arbeitspl?tzen mit einem w?rmestrahlungsgesch?tzten<br \/>\nThermometer in Grad Celsius ( ?C) mit einer Messgenauigkeit von  ? 0,5  ?C gemessen<\/a>.<\/p><\/blockquote>\n<p>Rechtsfolge: Die Beh?rde kann den Arbeitgeber auffordern, die Zust?nde zu beseitigen.<\/p>\n<p>Die Regelungen zur Arbeitssicherheit werden wohl auch Bestandteil des Arbeitsvertrages. Da dem Arbeitnehmer an seiner Arbeitskraft ein Zur?ckbehaltungsrecht zusteht, w?re es demnach sogar grunds?tzlich m?glich &#8222;hitzefrei&#8220;-zumindest bei Gefahren f?r Leib und Leben-  zu machen, wenngleich er dann das Risiko von Nacharbeiten eingeht.<\/p>\n<p>Was kann der Arbeitgeber machen?<\/p>\n<p>Z.B. die Miete mindern (so das OLG Hamm (NJW-RR 1995, 143. das OLG K?ln (NJW-RR 1993,  466, das OLG Rostock, NJW-RR 2001, 802 und das LG Bielefeld (AiB 2003, 752). <\/p>\n<p>Diese Rechtsprechung mu\u00df sich jedoch vorhalten lassen, da\u00df sie am Ende dazuf?hrt, da\u00df Vermieter im Zweifel Klimaanlagen einbauen lassen. \u00d6kologisch vertretbar ist das nicht. <\/p>\n","protected":false},"excerpt":{"rendered":"<p>Nach der Arbeitsst?ttenverordnung in Verbindung mit der Arbeitsst?ttenrichtlinie soll die Raumtemperatur an Arbeitspl?tzen 26 Grad Celsius nicht ?berschreiten. Diese wird wie folgt ermittelt: Lufttemperatur ist die Temperatur der den Menschen umgebenden Luft ohne Einwirkung von W?rmestrahlung. Sie wird in einer H?he von 0,75 m ?ber dem Fu\u00dfboden an den Arbeitspl?tzen mit einem w?rmestrahlungsgesch?tzten Thermometer in &hellip; <a href=\"http:\/\/www.ra-fuesslein.de\/wordpress\/?p=273\" class=\"more-link\"><span class=\"screen-reader-text\">Juristisches Hitzefrei<\/span> weiterlesen<\/a><\/p>\n","protected":false},"author":1,"featured_media":0,"comment_status":"closed","ping_status":"open","sticky":false,"template":"","format":"standard","meta":{"_mi_skip_tracking":false,"footnotes":""},"categories":[1],"tags":[],"class_list":["post-273","post","type-post","status-publish","format-standard","hentry","category-allgemeines"],"aioseo_notices":[],"jetpack_featured_media_url":"","_links":{"self":[{"href":"http:\/\/www.ra-fuesslein.de\/wordpress\/index.php?rest_route=\/wp\/v2\/posts\/273","targetHints":{"allow":["GET"]}}],"collection":[{"href":"http:\/\/www.ra-fuesslein.de\/wordpress\/index.php?rest_route=\/wp\/v2\/posts"}],"about":[{"href":"http:\/\/www.ra-fuesslein.de\/wordpress\/index.php?rest_route=\/wp\/v2\/types\/post"}],"author":[{"embeddable":true,"href":"http:\/\/www.ra-fuesslein.de\/wordpress\/index.php?rest_route=\/wp\/v2\/users\/1"}],"replies":[{"embeddable":true,"href":"http:\/\/www.ra-fuesslein.de\/wordpress\/index.php?rest_route=%2Fwp%2Fv2%2Fcomments&post=273"}],"version-history":[{"count":2,"href":"http:\/\/www.ra-fuesslein.de\/wordpress\/index.php?rest_route=\/wp\/v2\/posts\/273\/revisions"}],"predecessor-version":[{"id":275,"href":"http:\/\/www.ra-fuesslein.de\/wordpress\/index.php?rest_route=\/wp\/v2\/posts\/273\/revisions\/275"}],"wp:attachment":[{"href":"http:\/\/www.ra-fuesslein.de\/wordpress\/index.php?rest_route=%2Fwp%2Fv2%2Fmedia&parent=273"}],"wp:term":[{"taxonomy":"category","embeddable":true,"href":"http:\/\/www.ra-fuesslein.de\/wordpress\/index.php?rest_route=%2Fwp%2Fv2%2Fcategories&post=273"},{"taxonomy":"post_tag","embeddable":true,"href":"http:\/\/www.ra-fuesslein.de\/wordpress\/index.php?rest_route=%2Fwp%2Fv2%2Ftags&post=273"}],"curies":[{"name":"wp","href":"https:\/\/api.w.org\/{rel}","templated":true}]}}