{"id":1278,"date":"2026-01-23T08:35:24","date_gmt":"2026-01-23T07:35:24","guid":{"rendered":"http:\/\/www.ra-fuesslein.de\/wordpress\/?p=1278"},"modified":"2026-01-26T08:09:20","modified_gmt":"2026-01-26T07:09:20","slug":"der-regelsatz-im-jahr-2022","status":"publish","type":"post","link":"http:\/\/www.ra-fuesslein.de\/wordpress\/?p=1278","title":{"rendered":"Der Regelsatz im Jahr 2022"},"content":{"rendered":"\n<p>Mit Urteil(en) vom 02.12.2025 hat das Bundessozialgericht die Frage gekl\u00e4rt, ob die Bemessung der Regels\u00e4tze im Jahr  2022 verfassungsgem\u00e4\u00df war und diese Frage nun mit einem Ja! beantwortet. <\/p>\n\n\n\n<p>Nachdem der <a href=\"https:\/\/www.bsg.bund.de\/SharedDocs\/Pressemitteilungen\/DE\/2025\/2025_30.html\" target=\"_blank\" rel=\"noopener\" title=\"\">Terminsbericht<\/a> bereits eine knappe Stunde nach dem Schluss der Verhandlung vorlag, liegt nunmehr das vollst\u00e4ndig abgefasste Urteil vor. <\/p>\n\n\n\n<p>Obgleich die Klage(n) im Ergebnis nicht erfolgreich waren, so sind doch im Ergebnis einige positive Punkte hervorzuheben, so dass in etwa auf jeden Fall eine Verpflichtung des Gesetzgebers bestand, hie die Regels\u00e4tze auch unterj\u00e4hrig anzupassen sind und das bei der Beurteilung der Frage, wie die Inflation zu berechnen sei, auf die jeweils regelbedarfsrelevanten Bedarfe abzustellen ist (und nicht nur auf den Verbraucherpreisindex, der sich anders zusammensetzt). <\/p>\n\n\n\n<figure class=\"wp-block-image size-large\"><a href=\"http:\/\/www.ra-fuesslein.de\/wordpress\/wp-content\/uploads\/2026\/01\/licht_in-_kassel-2-scaled.jpg\"><img loading=\"lazy\" decoding=\"async\" width=\"1024\" height=\"768\" src=\"http:\/\/www.ra-fuesslein.de\/wordpress\/wp-content\/uploads\/2026\/01\/licht_in-_kassel-2-1024x768.jpg\" alt=\"\" class=\"wp-image-1282\" srcset=\"http:\/\/www.ra-fuesslein.de\/wordpress\/wp-content\/uploads\/2026\/01\/licht_in-_kassel-2-1024x768.jpg 1024w, http:\/\/www.ra-fuesslein.de\/wordpress\/wp-content\/uploads\/2026\/01\/licht_in-_kassel-2-300x225.jpg 300w, http:\/\/www.ra-fuesslein.de\/wordpress\/wp-content\/uploads\/2026\/01\/licht_in-_kassel-2-768x576.jpg 768w, http:\/\/www.ra-fuesslein.de\/wordpress\/wp-content\/uploads\/2026\/01\/licht_in-_kassel-2-1536x1152.jpg 1536w, http:\/\/www.ra-fuesslein.de\/wordpress\/wp-content\/uploads\/2026\/01\/licht_in-_kassel-2-2048x1536.jpg 2048w\" sizes=\"auto, (max-width: 1024px) 100vw, 1024px\" \/><\/a><\/figure>\n\n\n\n<p><\/p>\n\n\n\n<p><a href=\"http:\/\/www.ra-fuesslein.de\/wordpress\/wp-content\/uploads\/2026\/01\/URT_02_12_2025_geschwr_1-1.pdf\" title=\"\">Urteil des BSG vom 02.12.2025 B 7 AS 30\/24 R<\/a><\/p>\n\n\n\n<p><\/p>\n","protected":false},"excerpt":{"rendered":"<p>Mit Urteil(en) vom 02.12.2025 hat das Bundessozialgericht die Frage gekl\u00e4rt, ob die Bemessung der Regels\u00e4tze im Jahr 2022 verfassungsgem\u00e4\u00df war und diese Frage nun mit einem Ja! beantwortet. Nachdem der Terminsbericht bereits eine knappe Stunde nach dem Schluss der Verhandlung vorlag, liegt nunmehr das vollst\u00e4ndig abgefasste Urteil vor. Obgleich die Klage(n) im Ergebnis nicht erfolgreich &hellip; <a href=\"http:\/\/www.ra-fuesslein.de\/wordpress\/?p=1278\" class=\"more-link\"><span class=\"screen-reader-text\">Der Regelsatz im Jahr 2022<\/span> weiterlesen<\/a><\/p>\n","protected":false},"author":1,"featured_media":0,"comment_status":"closed","ping_status":"open","sticky":false,"template":"","format":"standard","meta":{"_mi_skip_tracking":false,"footnotes":""},"categories":[1],"tags":[],"class_list":["post-1278","post","type-post","status-publish","format-standard","hentry","category-allgemeines"],"aioseo_notices":[],"jetpack_featured_media_url":"","_links":{"self":[{"href":"http:\/\/www.ra-fuesslein.de\/wordpress\/index.php?rest_route=\/wp\/v2\/posts\/1278","targetHints":{"allow":["GET"]}}],"collection":[{"href":"http:\/\/www.ra-fuesslein.de\/wordpress\/index.php?rest_route=\/wp\/v2\/posts"}],"about":[{"href":"http:\/\/www.ra-fuesslein.de\/wordpress\/index.php?rest_route=\/wp\/v2\/types\/post"}],"author":[{"embeddable":true,"href":"http:\/\/www.ra-fuesslein.de\/wordpress\/index.php?rest_route=\/wp\/v2\/users\/1"}],"replies":[{"embeddable":true,"href":"http:\/\/www.ra-fuesslein.de\/wordpress\/index.php?rest_route=%2Fwp%2Fv2%2Fcomments&post=1278"}],"version-history":[{"count":6,"href":"http:\/\/www.ra-fuesslein.de\/wordpress\/index.php?rest_route=\/wp\/v2\/posts\/1278\/revisions"}],"predecessor-version":[{"id":1291,"href":"http:\/\/www.ra-fuesslein.de\/wordpress\/index.php?rest_route=\/wp\/v2\/posts\/1278\/revisions\/1291"}],"wp:attachment":[{"href":"http:\/\/www.ra-fuesslein.de\/wordpress\/index.php?rest_route=%2Fwp%2Fv2%2Fmedia&parent=1278"}],"wp:term":[{"taxonomy":"category","embeddable":true,"href":"http:\/\/www.ra-fuesslein.de\/wordpress\/index.php?rest_route=%2Fwp%2Fv2%2Fcategories&post=1278"},{"taxonomy":"post_tag","embeddable":true,"href":"http:\/\/www.ra-fuesslein.de\/wordpress\/index.php?rest_route=%2Fwp%2Fv2%2Ftags&post=1278"}],"curies":[{"name":"wp","href":"https:\/\/api.w.org\/{rel}","templated":true}]}}